{"id":1582,"date":"2024-11-07T22:58:30","date_gmt":"2024-11-08T01:58:30","guid":{"rendered":"https:\/\/acasadegalicia.uy\/sitio\/?p=1582"},"modified":"2024-11-07T22:58:33","modified_gmt":"2024-11-08T01:58:33","slug":"galicia-en-la-feria-de-las-colectividades","status":"publish","type":"post","link":"https:\/\/acasadegalicia.uy\/sitio\/galicia-en-la-feria-de-las-colectividades\/","title":{"rendered":"Galicia en la Feria de las Colectividades"},"content":{"rendered":"\n<p>Por primera vez en la historia de la Feria de las Colectividades que organiza el Municipio CH de Montevideo, se represent\u00f3 la colectividad gallega de Uruguay, y lo hizo a trav\u00e9s de nuestra Asociaci\u00f3n A Casa de Galicia Centro Hist\u00f3rico Cultural, donde el equipo de directivos que preside Mar\u00eda del Carmen Lorenzo trabajo incansablemente para presentar un stand con trajes t\u00edpicos, m\u00fasica y videos de Galicia, comida t\u00edpica de nuestra tierra, folletos y tambi\u00e9n un mapa gigante donde los visitantes buscaban en \u00e9l la aldea o pueblo de donde hab\u00edan venido sus antepasados o donde actualmente estaban sus hijos o amigos.<\/p>\n\n\n\n<p>Tanto en uno, como en otro caso, luego de encontrar el lugar y se\u00f1alarlo con un alfiler, se tomaban una foto para guardar el momento, y lo mismo ocurr\u00eda con la pareja de maniqu\u00edes que vest\u00edan ropas tradicionales de nuestro cuerpo de danza \u201cObradoiro\u201d que fueron la pareja m\u00e1s fotografiada de la Feria.<\/p>\n\n\n\n<p>En el escenario se present\u00f3 tambi\u00e9n la escuela de Gaita y Percusi\u00f3n Celestino Pichel, dirigida por el maestro Carlos Gonz\u00e1lez, quienes realizaron un recorrido por la m\u00fasica tradicional gallega y hasta interpretaron m\u00fasica de su autor\u00eda.<\/p>\n\n\n\n<p>La tortilla y la empanada gallega fueron tambi\u00e9n destacados atractivos gastron\u00f3micos que acompa\u00f1aron en el stand a distintos intereses de los visitantes, que se retiraban con material de propaganda de Galicia enviado por la Xunta, as\u00ed como tambi\u00e9n con la novedad para muchos de la existencia de esta nueva instituci\u00f3n que lucha por rescatar el patrimonio cultural y social de la mutua gallega m\u00e1s grande del mundo.<\/p>\n\n\n\n<p>El remate de la Feria estuvo a cargo tambi\u00e9n del \u201cBruxo Carli\u00f1o\u201d que con un grupo de meigas deleit\u00f3 a los m\u00e1s peque\u00f1os que sin temor a \u00e9l y sus \u201cfeitizos\u201d le rodearon hasta tanto comenz\u00f3 a levantar grandes llamas que cultivaban la \u201cQueimada\u201d que con la complicidad de \u201cmeigas\u201d, llevar\u00edan \u201co pote\u201d al stand de A Casa de Galicia para desear a todos los presentes y a quienes la probaron con rosquillas, con la seguridad de tener un feliz 2025.<\/p>\n","protected":false},"excerpt":{"rendered":"<p>Por primera vez en la historia de la Feria de las Colectividades que organiza el Municipio CH de Montevideo, se represent\u00f3 la colectividad gallega de Uruguay, y lo hizo a trav\u00e9s de nuestra Asociaci\u00f3n A Casa de Galicia Centro Hist\u00f3rico Cultural, donde el equipo de directivos que preside Mar\u00eda del Carmen Lorenzo trabajo incansablemente para&#8230;<\/p>\n","protected":false},"author":5,"featured_media":1583,"comment_status":"open","ping_status":"open","sticky":false,"template":"","format":"standard","meta":{"_themeisle_gutenberg_block_has_review":false,"_kad_post_transparent":"","_kad_post_title":"","_kad_post_layout":"","_kad_post_sidebar_id":"","_kad_post_content_style":"","_kad_post_vertical_padding":"","_kad_post_feature":"","_kad_post_feature_position":"","_kad_post_header":false,"_kad_post_footer":false,"_kad_post_classname":"","footnotes":""},"categories":[1],"tags":[],"class_list":["post-1582","post","type-post","status-publish","format-standard","has-post-thumbnail","hentry","category-varios"],"_links":{"self":[{"href":"https:\/\/acasadegalicia.uy\/sitio\/wp-json\/wp\/v2\/posts\/1582","targetHints":{"allow":["GET"]}}],"collection":[{"href":"https:\/\/acasadegalicia.uy\/sitio\/wp-json\/wp\/v2\/posts"}],"about":[{"href":"https:\/\/acasadegalicia.uy\/sitio\/wp-json\/wp\/v2\/types\/post"}],"author":[{"embeddable":true,"href":"https:\/\/acasadegalicia.uy\/sitio\/wp-json\/wp\/v2\/users\/5"}],"replies":[{"embeddable":true,"href":"https:\/\/acasadegalicia.uy\/sitio\/wp-json\/wp\/v2\/comments?post=1582"}],"version-history":[{"count":1,"href":"https:\/\/acasadegalicia.uy\/sitio\/wp-json\/wp\/v2\/posts\/1582\/revisions"}],"predecessor-version":[{"id":1584,"href":"https:\/\/acasadegalicia.uy\/sitio\/wp-json\/wp\/v2\/posts\/1582\/revisions\/1584"}],"wp:featuredmedia":[{"embeddable":true,"href":"https:\/\/acasadegalicia.uy\/sitio\/wp-json\/wp\/v2\/media\/1583"}],"wp:attachment":[{"href":"https:\/\/acasadegalicia.uy\/sitio\/wp-json\/wp\/v2\/media?parent=1582"}],"wp:term":[{"taxonomy":"category","embeddable":true,"href":"https:\/\/acasadegalicia.uy\/sitio\/wp-json\/wp\/v2\/categories?post=1582"},{"taxonomy":"post_tag","embeddable":true,"href":"https:\/\/acasadegalicia.uy\/sitio\/wp-json\/wp\/v2\/tags?post=1582"}],"curies":[{"name":"wp","href":"https:\/\/api.w.org\/{rel}","templated":true}]}}