{"id":2069,"date":"2026-04-25T22:19:55","date_gmt":"2026-04-26T01:19:55","guid":{"rendered":"https:\/\/acasadegalicia.uy\/sitio\/?p=2069"},"modified":"2026-04-25T22:45:53","modified_gmt":"2026-04-26T01:45:53","slug":"reconocimiento-por-25-anos-de-baile-a-nuestro-prof-ramon-alvarez-%c2%b7-2001","status":"publish","type":"post","link":"https:\/\/acasadegalicia.uy\/sitio\/reconocimiento-por-25-anos-de-baile-a-nuestro-prof-ramon-alvarez-%c2%b7-2001\/","title":{"rendered":"Reconocimiento por 25 a\u00f1os de baile a nuestro Prof. Ram\u00f3n \u00c1lvarez \u00b7 2001"},"content":{"rendered":"<style>.kb-image2069_93e241-22 .kb-image-has-overlay:after{opacity:0.3;}<\/style>\n<figure class=\"wp-block-kadence-image kb-image2069_93e241-22 size-large\"><img data-opt-id=1232016470  fetchpriority=\"high\" decoding=\"async\" width=\"576\" height=\"1024\" src=\"https:\/\/mlqp0balqxgu.i.optimole.com\/w:576\/h:1024\/q:mauto\/f:best\/https:\/\/acasadegalicia.uy\/sitio\/wp-content\/uploads\/2026\/04\/PHOTO-2025-09-08-23-23-09.jpg\" alt=\"\" class=\"kb-img wp-image-2070\" srcset=\"https:\/\/mlqp0balqxgu.i.optimole.com\/w:576\/h:1024\/q:mauto\/f:best\/https:\/\/acasadegalicia.uy\/sitio\/wp-content\/uploads\/2026\/04\/PHOTO-2025-09-08-23-23-09.jpg 576w, https:\/\/mlqp0balqxgu.i.optimole.com\/w:169\/h:300\/q:mauto\/f:best\/https:\/\/acasadegalicia.uy\/sitio\/wp-content\/uploads\/2026\/04\/PHOTO-2025-09-08-23-23-09.jpg 169w, https:\/\/mlqp0balqxgu.i.optimole.com\/w:768\/h:1365\/q:mauto\/f:best\/https:\/\/acasadegalicia.uy\/sitio\/wp-content\/uploads\/2026\/04\/PHOTO-2025-09-08-23-23-09.jpg 768w, https:\/\/mlqp0balqxgu.i.optimole.com\/w:864\/h:1536\/q:mauto\/f:best\/https:\/\/acasadegalicia.uy\/sitio\/wp-content\/uploads\/2026\/04\/PHOTO-2025-09-08-23-23-09.jpg 864w, https:\/\/mlqp0balqxgu.i.optimole.com\/w:610\/h:1084\/q:mauto\/f:best\/https:\/\/acasadegalicia.uy\/sitio\/wp-content\/uploads\/2026\/04\/PHOTO-2025-09-08-23-23-09.jpg 610w, https:\/\/mlqp0balqxgu.i.optimole.com\/w:900\/h:1600\/q:mauto\/f:best\/https:\/\/acasadegalicia.uy\/sitio\/wp-content\/uploads\/2026\/04\/PHOTO-2025-09-08-23-23-09.jpg 900w\" sizes=\"(max-width: 576px) 100vw, 576px\" \/><\/figure>\n\n\n\n<p>A\u00f1o 2001. Entrega de reconocimiento por 25 a\u00f1os de dedicaci\u00f3n al baile<br>tradicional gallego en Casa de Galicia. <\/p>\n\n\n\n<p>\u00bfRecord\u00e1s este momento? \u00bfEstuviste en la ceremonia? Contanos en los comentarios.<\/p>\n\n\n\n<p><\/p>\n","protected":false},"excerpt":{"rendered":"<p>A\u00f1o 2001. Entrega de reconocimiento por 25 a\u00f1os de dedicaci\u00f3n al bailetradicional gallego en Casa de Galicia. \u00bfRecord\u00e1s este momento? \u00bfEstuviste en la ceremonia? Contanos en los comentarios.<\/p>\n","protected":false},"author":1,"featured_media":2070,"comment_status":"open","ping_status":"open","sticky":false,"template":"","format":"standard","meta":{"_themeisle_gutenberg_block_has_review":false,"_kad_post_transparent":"","_kad_post_title":"","_kad_post_layout":"","_kad_post_sidebar_id":"","_kad_post_content_style":"","_kad_post_vertical_padding":"","_kad_post_feature":"","_kad_post_feature_position":"","_kad_post_header":false,"_kad_post_footer":false,"_kad_post_classname":"","footnotes":""},"categories":[210],"tags":[],"class_list":["post-2069","post","type-post","status-publish","format-standard","has-post-thumbnail","hentry","category-a-nosa-memoria"],"_links":{"self":[{"href":"https:\/\/acasadegalicia.uy\/sitio\/wp-json\/wp\/v2\/posts\/2069","targetHints":{"allow":["GET"]}}],"collection":[{"href":"https:\/\/acasadegalicia.uy\/sitio\/wp-json\/wp\/v2\/posts"}],"about":[{"href":"https:\/\/acasadegalicia.uy\/sitio\/wp-json\/wp\/v2\/types\/post"}],"author":[{"embeddable":true,"href":"https:\/\/acasadegalicia.uy\/sitio\/wp-json\/wp\/v2\/users\/1"}],"replies":[{"embeddable":true,"href":"https:\/\/acasadegalicia.uy\/sitio\/wp-json\/wp\/v2\/comments?post=2069"}],"version-history":[{"count":1,"href":"https:\/\/acasadegalicia.uy\/sitio\/wp-json\/wp\/v2\/posts\/2069\/revisions"}],"predecessor-version":[{"id":2071,"href":"https:\/\/acasadegalicia.uy\/sitio\/wp-json\/wp\/v2\/posts\/2069\/revisions\/2071"}],"wp:featuredmedia":[{"embeddable":true,"href":"https:\/\/acasadegalicia.uy\/sitio\/wp-json\/wp\/v2\/media\/2070"}],"wp:attachment":[{"href":"https:\/\/acasadegalicia.uy\/sitio\/wp-json\/wp\/v2\/media?parent=2069"}],"wp:term":[{"taxonomy":"category","embeddable":true,"href":"https:\/\/acasadegalicia.uy\/sitio\/wp-json\/wp\/v2\/categories?post=2069"},{"taxonomy":"post_tag","embeddable":true,"href":"https:\/\/acasadegalicia.uy\/sitio\/wp-json\/wp\/v2\/tags?post=2069"}],"curies":[{"name":"wp","href":"https:\/\/api.w.org\/{rel}","templated":true}]}}