{"id":2075,"date":"2026-04-25T22:22:52","date_gmt":"2026-04-26T01:22:52","guid":{"rendered":"https:\/\/acasadegalicia.uy\/sitio\/?p=2075"},"modified":"2026-04-25T22:44:46","modified_gmt":"2026-04-26T01:44:46","slug":"actuacion-en-casa-de-galicia-pichel-y-pino-en-la-gaita","status":"publish","type":"post","link":"https:\/\/acasadegalicia.uy\/sitio\/actuacion-en-casa-de-galicia-pichel-y-pino-en-la-gaita\/","title":{"rendered":"Actuaci\u00f3n en Casa de Galicia \u2014 Pichel y Pino en la gaita"},"content":{"rendered":"<style>.kb-image2075_54bc60-82 .kb-image-has-overlay:after{opacity:0.3;}<\/style>\n<figure class=\"wp-block-kadence-image kb-image2075_54bc60-82 size-large\"><img data-opt-id=1604387127  fetchpriority=\"high\" decoding=\"async\" width=\"1024\" height=\"658\" src=\"https:\/\/mlqp0balqxgu.i.optimole.com\/w:1024\/h:658\/q:mauto\/f:best\/https:\/\/acasadegalicia.uy\/sitio\/wp-content\/uploads\/2026\/04\/PHOTO-2025-09-08-22-11-26-e1777166557827.jpg\" alt=\"\" class=\"kb-img wp-image-2076\" srcset=\"https:\/\/mlqp0balqxgu.i.optimole.com\/w:1024\/h:658\/q:mauto\/f:best\/https:\/\/acasadegalicia.uy\/sitio\/wp-content\/uploads\/2026\/04\/PHOTO-2025-09-08-22-11-26-e1777166557827.jpg 1024w, https:\/\/mlqp0balqxgu.i.optimole.com\/w:300\/h:193\/q:mauto\/f:best\/https:\/\/acasadegalicia.uy\/sitio\/wp-content\/uploads\/2026\/04\/PHOTO-2025-09-08-22-11-26-e1777166557827.jpg 300w, https:\/\/mlqp0balqxgu.i.optimole.com\/w:768\/h:494\/q:mauto\/f:best\/https:\/\/acasadegalicia.uy\/sitio\/wp-content\/uploads\/2026\/04\/PHOTO-2025-09-08-22-11-26-e1777166557827.jpg 768w, https:\/\/mlqp0balqxgu.i.optimole.com\/w:1536\/h:987\/q:mauto\/f:best\/https:\/\/acasadegalicia.uy\/sitio\/wp-content\/uploads\/2026\/04\/PHOTO-2025-09-08-22-11-26-e1777166557827.jpg 1536w, https:\/\/mlqp0balqxgu.i.optimole.com\/w:610\/h:392\/q:mauto\/f:best\/https:\/\/acasadegalicia.uy\/sitio\/wp-content\/uploads\/2026\/04\/PHOTO-2025-09-08-22-11-26-e1777166557827.jpg 610w, https:\/\/mlqp0balqxgu.i.optimole.com\/w:1920\/h:1233\/q:mauto\/f:best\/https:\/\/acasadegalicia.uy\/sitio\/wp-content\/uploads\/2026\/04\/PHOTO-2025-09-08-22-11-26-e1777166557827.jpg 2048w\" sizes=\"(max-width: 1024px) 100vw, 1024px\" \/><\/figure>\n\n\n\n<p>Una noche de m\u00fasica galega en nuestra sede. En la imagen, actuando junto<br>a Pichel y el gaitero Pino \u2014 dos nombres que marcaron la m\u00fasica tradicional<br>galega en el R\u00edo de la Plata.<\/p>\n\n\n\n<p>\u00bfLos conociste? \u00bfTen\u00e9s m\u00e1s fotos de estas actuaciones? Compart\u00edlas en los comentarios.<\/p>\n","protected":false},"excerpt":{"rendered":"<p>Una noche de m\u00fasica galega en nuestra sede. En la imagen, actuando juntoa Pichel y el gaitero Pino \u2014 dos nombres que marcaron la m\u00fasica tradicionalgalega en el R\u00edo de la Plata. \u00bfLos conociste? \u00bfTen\u00e9s m\u00e1s fotos de estas actuaciones? Compart\u00edlas en los comentarios.<\/p>\n","protected":false},"author":1,"featured_media":2076,"comment_status":"open","ping_status":"open","sticky":false,"template":"","format":"standard","meta":{"_themeisle_gutenberg_block_has_review":false,"_kad_post_transparent":"","_kad_post_title":"","_kad_post_layout":"","_kad_post_sidebar_id":"","_kad_post_content_style":"","_kad_post_vertical_padding":"","_kad_post_feature":"","_kad_post_feature_position":"","_kad_post_header":false,"_kad_post_footer":false,"_kad_post_classname":"","footnotes":""},"categories":[210],"tags":[],"class_list":["post-2075","post","type-post","status-publish","format-standard","has-post-thumbnail","hentry","category-a-nosa-memoria"],"_links":{"self":[{"href":"https:\/\/acasadegalicia.uy\/sitio\/wp-json\/wp\/v2\/posts\/2075","targetHints":{"allow":["GET"]}}],"collection":[{"href":"https:\/\/acasadegalicia.uy\/sitio\/wp-json\/wp\/v2\/posts"}],"about":[{"href":"https:\/\/acasadegalicia.uy\/sitio\/wp-json\/wp\/v2\/types\/post"}],"author":[{"embeddable":true,"href":"https:\/\/acasadegalicia.uy\/sitio\/wp-json\/wp\/v2\/users\/1"}],"replies":[{"embeddable":true,"href":"https:\/\/acasadegalicia.uy\/sitio\/wp-json\/wp\/v2\/comments?post=2075"}],"version-history":[{"count":1,"href":"https:\/\/acasadegalicia.uy\/sitio\/wp-json\/wp\/v2\/posts\/2075\/revisions"}],"predecessor-version":[{"id":2077,"href":"https:\/\/acasadegalicia.uy\/sitio\/wp-json\/wp\/v2\/posts\/2075\/revisions\/2077"}],"wp:featuredmedia":[{"embeddable":true,"href":"https:\/\/acasadegalicia.uy\/sitio\/wp-json\/wp\/v2\/media\/2076"}],"wp:attachment":[{"href":"https:\/\/acasadegalicia.uy\/sitio\/wp-json\/wp\/v2\/media?parent=2075"}],"wp:term":[{"taxonomy":"category","embeddable":true,"href":"https:\/\/acasadegalicia.uy\/sitio\/wp-json\/wp\/v2\/categories?post=2075"},{"taxonomy":"post_tag","embeddable":true,"href":"https:\/\/acasadegalicia.uy\/sitio\/wp-json\/wp\/v2\/tags?post=2075"}],"curies":[{"name":"wp","href":"https:\/\/api.w.org\/{rel}","templated":true}]}}