{"id":2232,"date":"2026-04-29T15:54:25","date_gmt":"2026-04-29T18:54:25","guid":{"rendered":"https:\/\/acasadegalicia.uy\/sitio\/?p=2232"},"modified":"2026-04-29T18:04:10","modified_gmt":"2026-04-29T21:04:10","slug":"feliz-dia-internacional-de-la-danza-obradoiro","status":"publish","type":"post","link":"https:\/\/acasadegalicia.uy\/sitio\/feliz-dia-internacional-de-la-danza-obradoiro\/","title":{"rendered":"Feliz D\u00eda Internacional de la Danza, Obradoiro"},"content":{"rendered":"\n<p>Hoy, 29 de abril, D\u00eda Internacional de la Danza, celebramos a quienes llevan la cultura gallega en cada paso, en cada giro, en cada movimiento.<\/p>\n\n\n\n<p>A nuestro cuerpo de baile&nbsp;<strong>Obradoiro<\/strong>&nbsp;\u2014 gracias por mantener viva la danza tradicional galega en el R\u00edo de la Plata. Su dedicaci\u00f3n, su disciplina y su pasi\u00f3n son el alma de A Casa de Galicia.<\/p>\n\n\n\n<p>\u00a1Feliz d\u00eda a todos los bailarines y bailarinas del mundo! &#x1f483;&#x1f57a;<\/p>\n\n\n<style>.kb-image2232_19953e-d9 .kb-image-has-overlay:after{opacity:0.3;}<\/style>\n<figure class=\"wp-block-kadence-image kb-image2232_19953e-d9 size-full\"><img data-opt-id=441177856  fetchpriority=\"high\" decoding=\"async\" width=\"920\" height=\"920\" src=\"https:\/\/mlqp0balqxgu.i.optimole.com\/w:auto\/h:auto\/q:mauto\/f:best\/https:\/\/acasadegalicia.uy\/sitio\/wp-content\/uploads\/2026\/04\/Captura-de-pantalla-2026-04-29-a-las-3.52.02-p.-m.png\" alt=\"\" class=\"kb-img wp-image-2233\" srcset=\"https:\/\/mlqp0balqxgu.i.optimole.com\/w:920\/h:920\/q:mauto\/f:best\/https:\/\/acasadegalicia.uy\/sitio\/wp-content\/uploads\/2026\/04\/Captura-de-pantalla-2026-04-29-a-las-3.52.02-p.-m.png 920w, https:\/\/mlqp0balqxgu.i.optimole.com\/w:300\/h:300\/q:mauto\/f:best\/https:\/\/acasadegalicia.uy\/sitio\/wp-content\/uploads\/2026\/04\/Captura-de-pantalla-2026-04-29-a-las-3.52.02-p.-m.png 300w, https:\/\/mlqp0balqxgu.i.optimole.com\/w:150\/h:150\/q:mauto\/f:best\/https:\/\/acasadegalicia.uy\/sitio\/wp-content\/uploads\/2026\/04\/Captura-de-pantalla-2026-04-29-a-las-3.52.02-p.-m.png 150w, https:\/\/mlqp0balqxgu.i.optimole.com\/w:768\/h:768\/q:mauto\/f:best\/https:\/\/acasadegalicia.uy\/sitio\/wp-content\/uploads\/2026\/04\/Captura-de-pantalla-2026-04-29-a-las-3.52.02-p.-m.png 768w\" sizes=\"(max-width: 920px) 100vw, 920px\" \/><\/figure>\n","protected":false},"excerpt":{"rendered":"<p>Hoy, 29 de abril, D\u00eda Internacional de la Danza, celebramos a quienes llevan la cultura gallega en cada paso, en cada giro, en cada movimiento. A nuestro cuerpo de baile&nbsp;Obradoiro&nbsp;\u2014 gracias por mantener viva la danza tradicional galega en el R\u00edo de la Plata. Su dedicaci\u00f3n, su disciplina y su pasi\u00f3n son el alma de&#8230;<\/p>\n","protected":false},"author":1,"featured_media":2233,"comment_status":"open","ping_status":"open","sticky":false,"template":"","format":"standard","meta":{"_themeisle_gutenberg_block_has_review":false,"_kad_post_transparent":"","_kad_post_title":"","_kad_post_layout":"","_kad_post_sidebar_id":"","_kad_post_content_style":"","_kad_post_vertical_padding":"","_kad_post_feature":"","_kad_post_feature_position":"","_kad_post_header":false,"_kad_post_footer":false,"_kad_post_classname":"","footnotes":""},"categories":[4],"tags":[],"class_list":["post-2232","post","type-post","status-publish","format-standard","has-post-thumbnail","hentry","category-noticias"],"_links":{"self":[{"href":"https:\/\/acasadegalicia.uy\/sitio\/wp-json\/wp\/v2\/posts\/2232","targetHints":{"allow":["GET"]}}],"collection":[{"href":"https:\/\/acasadegalicia.uy\/sitio\/wp-json\/wp\/v2\/posts"}],"about":[{"href":"https:\/\/acasadegalicia.uy\/sitio\/wp-json\/wp\/v2\/types\/post"}],"author":[{"embeddable":true,"href":"https:\/\/acasadegalicia.uy\/sitio\/wp-json\/wp\/v2\/users\/1"}],"replies":[{"embeddable":true,"href":"https:\/\/acasadegalicia.uy\/sitio\/wp-json\/wp\/v2\/comments?post=2232"}],"version-history":[{"count":2,"href":"https:\/\/acasadegalicia.uy\/sitio\/wp-json\/wp\/v2\/posts\/2232\/revisions"}],"predecessor-version":[{"id":2240,"href":"https:\/\/acasadegalicia.uy\/sitio\/wp-json\/wp\/v2\/posts\/2232\/revisions\/2240"}],"wp:featuredmedia":[{"embeddable":true,"href":"https:\/\/acasadegalicia.uy\/sitio\/wp-json\/wp\/v2\/media\/2233"}],"wp:attachment":[{"href":"https:\/\/acasadegalicia.uy\/sitio\/wp-json\/wp\/v2\/media?parent=2232"}],"wp:term":[{"taxonomy":"category","embeddable":true,"href":"https:\/\/acasadegalicia.uy\/sitio\/wp-json\/wp\/v2\/categories?post=2232"},{"taxonomy":"post_tag","embeddable":true,"href":"https:\/\/acasadegalicia.uy\/sitio\/wp-json\/wp\/v2\/tags?post=2232"}],"curies":[{"name":"wp","href":"https:\/\/api.w.org\/{rel}","templated":true}]}}