{"id":2235,"date":"2026-04-29T15:54:25","date_gmt":"2026-04-29T18:54:25","guid":{"rendered":"https:\/\/acasadegalicia.uy\/sitio\/?p=2235"},"modified":"2026-04-29T15:57:34","modified_gmt":"2026-04-29T18:57:34","slug":"feliz-dia-internacional-da-danza-obradoiro","status":"publish","type":"post","link":"https:\/\/acasadegalicia.uy\/sitio\/gl\/feliz-dia-internacional-da-danza-obradoiro\/","title":{"rendered":"Feliz D\u00eda Internacional da Danza, Obradoiro"},"content":{"rendered":"\n<p>Hoxe, 29 de abril, D\u00eda Internacional da Danza, celebramos a quen leva a cultura galega en cada paso, en cada xiro, en cada movemento.<\/p>\n\n\n\n<p>Ao noso corpo de baile&nbsp;<strong>Obradoiro<\/strong>&nbsp;\u2014 grazas por manter viva a danza tradicional galega no R\u00edo da Prata. A s\u00faa dedicaci\u00f3n, a s\u00faa disciplina e a s\u00faa paix\u00f3n son a alma de A Casa de Galicia.<\/p>\n\n\n\n<p>\u00a1Feliz d\u00eda a todos os bailar\u00edns e bailarinas do mundo! &#x1f483;&#x1f57a;<\/p>\n\n\n<style>.kb-image2235_8da43d-92 .kb-image-has-overlay:after{opacity:0.3;}<\/style>\n<figure class=\"wp-block-kadence-image kb-image2235_8da43d-92 size-full\"><img data-opt-id=441177856  fetchpriority=\"high\" decoding=\"async\" width=\"920\" height=\"920\" src=\"https:\/\/mlqp0balqxgu.i.optimole.com\/w:auto\/h:auto\/q:mauto\/f:best\/https:\/\/acasadegalicia.uy\/sitio\/wp-content\/uploads\/2026\/04\/Captura-de-pantalla-2026-04-29-a-las-3.52.02-p.-m.png\" alt=\"\" class=\"kb-img wp-image-2233\" srcset=\"https:\/\/mlqp0balqxgu.i.optimole.com\/w:920\/h:920\/q:mauto\/f:best\/https:\/\/acasadegalicia.uy\/sitio\/wp-content\/uploads\/2026\/04\/Captura-de-pantalla-2026-04-29-a-las-3.52.02-p.-m.png 920w, https:\/\/mlqp0balqxgu.i.optimole.com\/w:300\/h:300\/q:mauto\/f:best\/https:\/\/acasadegalicia.uy\/sitio\/wp-content\/uploads\/2026\/04\/Captura-de-pantalla-2026-04-29-a-las-3.52.02-p.-m.png 300w, https:\/\/mlqp0balqxgu.i.optimole.com\/w:150\/h:150\/q:mauto\/f:best\/https:\/\/acasadegalicia.uy\/sitio\/wp-content\/uploads\/2026\/04\/Captura-de-pantalla-2026-04-29-a-las-3.52.02-p.-m.png 150w, https:\/\/mlqp0balqxgu.i.optimole.com\/w:768\/h:768\/q:mauto\/f:best\/https:\/\/acasadegalicia.uy\/sitio\/wp-content\/uploads\/2026\/04\/Captura-de-pantalla-2026-04-29-a-las-3.52.02-p.-m.png 768w\" sizes=\"(max-width: 920px) 100vw, 920px\" \/><\/figure>\n","protected":false},"excerpt":{"rendered":"<p>Hoxe, 29 de abril, D\u00eda Internacional da Danza, celebramos a quen leva a cultura galega en cada paso, en cada xiro, en cada movemento. Ao noso corpo de baile&nbsp;Obradoiro&nbsp;\u2014 grazas por manter viva a danza tradicional galega no R\u00edo da Prata. A s\u00faa dedicaci\u00f3n, a s\u00faa disciplina e a s\u00faa paix\u00f3n son a alma de&#8230;<\/p>\n","protected":false},"author":1,"featured_media":2233,"comment_status":"open","ping_status":"open","sticky":false,"template":"","format":"standard","meta":{"_themeisle_gutenberg_block_has_review":false,"_kad_post_transparent":"","_kad_post_title":"","_kad_post_layout":"","_kad_post_sidebar_id":"","_kad_post_content_style":"","_kad_post_vertical_padding":"","_kad_post_feature":"","_kad_post_feature_position":"","_kad_post_header":false,"_kad_post_footer":false,"_kad_post_classname":"","footnotes":""},"categories":[84],"tags":[],"class_list":["post-2235","post","type-post","status-publish","format-standard","has-post-thumbnail","hentry","category-novas"],"_links":{"self":[{"href":"https:\/\/acasadegalicia.uy\/sitio\/wp-json\/wp\/v2\/posts\/2235","targetHints":{"allow":["GET"]}}],"collection":[{"href":"https:\/\/acasadegalicia.uy\/sitio\/wp-json\/wp\/v2\/posts"}],"about":[{"href":"https:\/\/acasadegalicia.uy\/sitio\/wp-json\/wp\/v2\/types\/post"}],"author":[{"embeddable":true,"href":"https:\/\/acasadegalicia.uy\/sitio\/wp-json\/wp\/v2\/users\/1"}],"replies":[{"embeddable":true,"href":"https:\/\/acasadegalicia.uy\/sitio\/wp-json\/wp\/v2\/comments?post=2235"}],"version-history":[{"count":1,"href":"https:\/\/acasadegalicia.uy\/sitio\/wp-json\/wp\/v2\/posts\/2235\/revisions"}],"predecessor-version":[{"id":2236,"href":"https:\/\/acasadegalicia.uy\/sitio\/wp-json\/wp\/v2\/posts\/2235\/revisions\/2236"}],"wp:featuredmedia":[{"embeddable":true,"href":"https:\/\/acasadegalicia.uy\/sitio\/wp-json\/wp\/v2\/media\/2233"}],"wp:attachment":[{"href":"https:\/\/acasadegalicia.uy\/sitio\/wp-json\/wp\/v2\/media?parent=2235"}],"wp:term":[{"taxonomy":"category","embeddable":true,"href":"https:\/\/acasadegalicia.uy\/sitio\/wp-json\/wp\/v2\/categories?post=2235"},{"taxonomy":"post_tag","embeddable":true,"href":"https:\/\/acasadegalicia.uy\/sitio\/wp-json\/wp\/v2\/tags?post=2235"}],"curies":[{"name":"wp","href":"https:\/\/api.w.org\/{rel}","templated":true}]}}