{"id":304,"date":"2022-07-24T17:33:16","date_gmt":"2022-07-24T20:33:16","guid":{"rendered":"https:\/\/acasadegalicia.uy\/sitio\/?p=304"},"modified":"2022-07-24T17:33:18","modified_gmt":"2022-07-24T20:33:18","slug":"directivos-de-a-casa-de-galicia-se-reunieron-en-montevideo-con-autoridades-este-viernes-22-de-julio","status":"publish","type":"post","link":"https:\/\/acasadegalicia.uy\/sitio\/directivos-de-a-casa-de-galicia-se-reunieron-en-montevideo-con-autoridades-este-viernes-22-de-julio\/","title":{"rendered":"Directivos de A Casa de Galicia se reunieron en Montevideo con autoridades este viernes 22 de julio"},"content":{"rendered":"\n<p>Directivos de A Casa de Galicia se reunieron este viernes 22 de julio en Montevideo con el Secretario Xeral de Emigraci\u00f3n Antonio Rodr\u00edguez Miranda, el Secretario Xeral de Pol\u00edticas Culturais Anxo Lorenzo, la nueva Delegada de la Xunta de Galicia en Uruguay Elvira Dom\u00ednguez y el Delegado de la Xunta de Galicia en Argentina Alejandro L\u00f3pez Dobarro, para considerar la recuperaci\u00f3n del patrimonio hist\u00f3rico cultural de Casa de Galicia, compuesto no s\u00f3lo por los bienes muebles sino tambi\u00e9n por el Pante\u00f3n Social. Se plantearon adem\u00e1s los esfuerzos en la procura de una nueva sede social, as\u00ed como cubrir las formalidades necesarias para la recuperaci\u00f3n de la galeguidade.<br>Por A casa de Galicia Centro Hist\u00f3rico Cultural de Montevideo participaron, su presidente Ismael Martinez, vice Jose Antonio Antelo, secretaria Maria del Carmen Salgueiro y tesorero Jose Maria Barbeito.<\/p>\n","protected":false},"excerpt":{"rendered":"<p>Directivos de A Casa de Galicia se reunieron este viernes 22 de julio en Montevideo con el Secretario Xeral de Emigraci\u00f3n Antonio Rodr\u00edguez Miranda, el Secretario Xeral de Pol\u00edticas Culturais Anxo Lorenzo, la nueva Delegada de la Xunta de Galicia en Uruguay Elvira Dom\u00ednguez y el Delegado de la Xunta de Galicia en Argentina Alejandro L\u00f3pez Dobarro, para considerar la recuperaci\u00f3n del patrimonio hist\u00f3rico cultural de Casa de Galicia, compuesto no s\u00f3lo por los bienes muebles sino tambi\u00e9n por el Pante\u00f3n Social. Se plantearon adem\u00e1s los esfuerzos en la procura de una nueva sede social, as\u00ed como cubrir las formalidades necesarias para la recuperaci\u00f3n de la galeguidade.<\/p>\n","protected":false},"author":1,"featured_media":305,"comment_status":"open","ping_status":"open","sticky":false,"template":"","format":"standard","meta":{"_themeisle_gutenberg_block_has_review":false,"_kad_post_transparent":"","_kad_post_title":"","_kad_post_layout":"","_kad_post_sidebar_id":"","_kad_post_content_style":"","_kad_post_vertical_padding":"","_kad_post_feature":"","_kad_post_feature_position":"","_kad_post_header":false,"_kad_post_footer":false,"_kad_post_classname":"","footnotes":""},"categories":[4],"tags":[],"class_list":["post-304","post","type-post","status-publish","format-standard","has-post-thumbnail","hentry","category-noticias"],"_links":{"self":[{"href":"https:\/\/acasadegalicia.uy\/sitio\/wp-json\/wp\/v2\/posts\/304","targetHints":{"allow":["GET"]}}],"collection":[{"href":"https:\/\/acasadegalicia.uy\/sitio\/wp-json\/wp\/v2\/posts"}],"about":[{"href":"https:\/\/acasadegalicia.uy\/sitio\/wp-json\/wp\/v2\/types\/post"}],"author":[{"embeddable":true,"href":"https:\/\/acasadegalicia.uy\/sitio\/wp-json\/wp\/v2\/users\/1"}],"replies":[{"embeddable":true,"href":"https:\/\/acasadegalicia.uy\/sitio\/wp-json\/wp\/v2\/comments?post=304"}],"version-history":[{"count":1,"href":"https:\/\/acasadegalicia.uy\/sitio\/wp-json\/wp\/v2\/posts\/304\/revisions"}],"predecessor-version":[{"id":306,"href":"https:\/\/acasadegalicia.uy\/sitio\/wp-json\/wp\/v2\/posts\/304\/revisions\/306"}],"wp:featuredmedia":[{"embeddable":true,"href":"https:\/\/acasadegalicia.uy\/sitio\/wp-json\/wp\/v2\/media\/305"}],"wp:attachment":[{"href":"https:\/\/acasadegalicia.uy\/sitio\/wp-json\/wp\/v2\/media?parent=304"}],"wp:term":[{"taxonomy":"category","embeddable":true,"href":"https:\/\/acasadegalicia.uy\/sitio\/wp-json\/wp\/v2\/categories?post=304"},{"taxonomy":"post_tag","embeddable":true,"href":"https:\/\/acasadegalicia.uy\/sitio\/wp-json\/wp\/v2\/tags?post=304"}],"curies":[{"name":"wp","href":"https:\/\/api.w.org\/{rel}","templated":true}]}}