{"id":67,"date":"2022-05-06T08:22:00","date_gmt":"2022-05-06T11:22:00","guid":{"rendered":"https:\/\/acasadegalicia.uy\/sitio\/?p=67"},"modified":"2022-05-26T17:09:57","modified_gmt":"2022-05-26T20:09:57","slug":"recital-de-cristina-fernandez-y-washington-carrasco","status":"publish","type":"post","link":"https:\/\/acasadegalicia.uy\/sitio\/recital-de-cristina-fernandez-y-washington-carrasco\/","title":{"rendered":"Recital de Cristina Fern\u00e1ndez y Washington Carrasco"},"content":{"rendered":"\n<p>\u00a1Buenas tardes! Una querida socia de A Casa de Galicia, colaboradora y amiga desde siempre de Casa de Galicia, quien difunde desde hace much\u00edsimo tiempo la cultura gallega en todo nuestro pa\u00eds, a trav\u00e9s de su m\u00fasica, nos env\u00eda la presentaci\u00f3n de su nuevo recital en el Teatro Sol\u00eds, para quien quiera acompa\u00f1arla. <\/p>\n\n\n\n<figure class=\"wp-block-video\"><video height=\"480\" style=\"aspect-ratio: 848 \/ 480;\" width=\"848\" controls src=\"https:\/\/acasadegalicia.uy\/sitio\/wp-content\/uploads\/2022\/05\/VIDEO-2022-05-06-17-23-34.mp4\"><\/video><figcaption>Video invitaci\u00f3n de Cristina Fern\u00e1ndez y Washington Carrasco para su nuevo recital en el Teatro Sol\u00eds.<\/figcaption><\/figure>\n\n\n\n<p>Festejando sus 46 a\u00f1os de trayectoria realizar\u00e1n un recorrido por todas sus canciones. El recital ser\u00e1 el Viernes 3 de junio en el Teatro Sol\u00eds a las 20:30hs., entradas en venta en TickAntel.<\/p>\n\n\n\n<p>A continuaci\u00f3n compartimos un video presentaci\u00f3n. <\/p>\n\n\n\n<figure class=\"wp-block-embed is-type-video is-provider-youtube wp-block-embed-youtube wp-embed-aspect-16-9 wp-has-aspect-ratio\"><div class=\"wp-block-embed__wrapper\">\n<iframe title=\"W\u00e1shington Carrasco y Cristina Fern\u00e1ndez \/ Em Pe\" width=\"720\" height=\"405\" src=\"https:\/\/www.youtube.com\/embed\/jJekFDDkQRo?feature=oembed\" frameborder=\"0\" allow=\"accelerometer; autoplay; clipboard-write; encrypted-media; gyroscope; picture-in-picture; web-share\" referrerpolicy=\"strict-origin-when-cross-origin\" allowfullscreen><\/iframe>\n<\/div><figcaption>Em Pe &#8211; Cristina Fern\u00e1ndez y Washington Carrasco<\/figcaption><\/figure>\n\n\n\n<p><\/p>\n","protected":false},"excerpt":{"rendered":"<p>\u00a1Buenas tardes! Una querida socia de A Casa de Galicia, colaboradora y amiga desde siempre de Casa de Galicia, quien difunde desde hace much\u00edsimo tiempo la cultura gallega en todo nuestro pa\u00eds, a trav\u00e9s de su m\u00fasica, nos env\u00eda la presentaci\u00f3n de su nuevo recital en el Teatro Sol\u00eds, para quien quiera acompa\u00f1arla. <\/p>\n","protected":false},"author":1,"featured_media":69,"comment_status":"open","ping_status":"open","sticky":false,"template":"","format":"standard","meta":{"_themeisle_gutenberg_block_has_review":false,"_kad_post_transparent":"","_kad_post_title":"","_kad_post_layout":"","_kad_post_sidebar_id":"","_kad_post_content_style":"","_kad_post_vertical_padding":"","_kad_post_feature":"","_kad_post_feature_position":"","_kad_post_header":false,"_kad_post_footer":false,"_kad_post_classname":"","footnotes":""},"categories":[4],"tags":[15,14,18,17,16],"class_list":["post-67","post","type-post","status-publish","format-standard","has-post-thumbnail","hentry","category-noticias","tag-cristina-fernandez","tag-recital","tag-solis","tag-teatro","tag-washington-carrasco"],"_links":{"self":[{"href":"https:\/\/acasadegalicia.uy\/sitio\/wp-json\/wp\/v2\/posts\/67","targetHints":{"allow":["GET"]}}],"collection":[{"href":"https:\/\/acasadegalicia.uy\/sitio\/wp-json\/wp\/v2\/posts"}],"about":[{"href":"https:\/\/acasadegalicia.uy\/sitio\/wp-json\/wp\/v2\/types\/post"}],"author":[{"embeddable":true,"href":"https:\/\/acasadegalicia.uy\/sitio\/wp-json\/wp\/v2\/users\/1"}],"replies":[{"embeddable":true,"href":"https:\/\/acasadegalicia.uy\/sitio\/wp-json\/wp\/v2\/comments?post=67"}],"version-history":[{"count":3,"href":"https:\/\/acasadegalicia.uy\/sitio\/wp-json\/wp\/v2\/posts\/67\/revisions"}],"predecessor-version":[{"id":215,"href":"https:\/\/acasadegalicia.uy\/sitio\/wp-json\/wp\/v2\/posts\/67\/revisions\/215"}],"wp:featuredmedia":[{"embeddable":true,"href":"https:\/\/acasadegalicia.uy\/sitio\/wp-json\/wp\/v2\/media\/69"}],"wp:attachment":[{"href":"https:\/\/acasadegalicia.uy\/sitio\/wp-json\/wp\/v2\/media?parent=67"}],"wp:term":[{"taxonomy":"category","embeddable":true,"href":"https:\/\/acasadegalicia.uy\/sitio\/wp-json\/wp\/v2\/categories?post=67"},{"taxonomy":"post_tag","embeddable":true,"href":"https:\/\/acasadegalicia.uy\/sitio\/wp-json\/wp\/v2\/tags?post=67"}],"curies":[{"name":"wp","href":"https:\/\/api.w.org\/{rel}","templated":true}]}}